{"id":22228,"date":"2023-07-31T14:31:50","date_gmt":"2023-07-31T12:31:50","guid":{"rendered":"https:\/\/augustushotels.es\/nits-daurades-salou-2023\/"},"modified":"2026-03-30T17:35:22","modified_gmt":"2026-03-30T15:35:22","slug":"nits-daurades-salou","status":"publish","type":"post","link":"https:\/\/augustushotels.es\/ca\/nits-daurades-salou\/","title":{"rendered":"Nits Daurades Salou 2023"},"content":{"rendered":"\t\t<div data-elementor-type=\"wp-post\" data-elementor-id=\"22228\" class=\"elementor elementor-22228 elementor-9677\" data-elementor-post-type=\"post\">\n\t\t\t\t<div class=\"elementor-element elementor-element-1d7c24e0 e-flex e-con-boxed e-con e-parent\" data-id=\"1d7c24e0\" data-element_type=\"container\" data-e-type=\"container\">\n\t\t\t\t\t<div class=\"e-con-inner\">\n\t\t\t\t<div class=\"elementor-element elementor-element-4995dab elementor-widget elementor-widget-text-editor\" data-id=\"4995dab\" data-element_type=\"widget\" data-e-type=\"widget\" data-widget_type=\"text-editor.default\">\n\t\t\t\t\t\t\t\t\t<p><strong>Del 5 al 16 d\u2019agost <\/strong>gaudeix de les Nits Daurades a Salou!<\/p><p>Vine a Salou amb la fam\u00edlia, amics o amb qui tu vulguis i y gaudeix de les diferents activitats i concerts organitzades per a les festes d\u2019estiu.<\/p><p>A continuaci\u00f3 et deixem el programa d\u2019actes, perqu\u00e8 hi facis un cop d\u2019ull. Prepara les maletes i vine a gaudir de les Nits Daurades als establiments Augustus. <\/p>\t\t\t\t\t\t\t\t<\/div>\n\t\t\t\t<div class=\"elementor-element elementor-element-bb11bec elementor-widget elementor-widget-heading\" data-id=\"bb11bec\" data-element_type=\"widget\" data-e-type=\"widget\" data-widget_type=\"heading.default\">\n\t\t\t\t\t<h2 class=\"elementor-heading-title elementor-size-default\">Programaci\u00f3:\n<\/h2>\t\t\t\t<\/div>\n\t\t\t\t<div class=\"elementor-element elementor-element-7485e1a elementor-widget elementor-widget-heading\" data-id=\"7485e1a\" data-element_type=\"widget\" data-e-type=\"widget\" data-widget_type=\"heading.default\">\n\t\t\t\t\t<h3 class=\"elementor-heading-title elementor-size-default\">Dissabte 5 d\u2019agost:\n<\/h3>\t\t\t\t<\/div>\n\t\t\t\t<div class=\"elementor-element elementor-element-fcf745b elementor-widget elementor-widget-text-editor\" data-id=\"fcf745b\" data-element_type=\"widget\" data-e-type=\"widget\" data-widget_type=\"text-editor.default\">\n\t\t\t\t\t\t\t\t\t<ul><li>21.30 h (Passeig Jaume I): <strong>Trobada de batucades<\/strong> amb el Grup Atabaladors de Salou i grups convidats.<\/li><\/ul>\t\t\t\t\t\t\t\t<\/div>\n\t\t\t\t<div class=\"elementor-element elementor-element-febed84 elementor-widget elementor-widget-heading\" data-id=\"febed84\" data-element_type=\"widget\" data-e-type=\"widget\" data-widget_type=\"heading.default\">\n\t\t\t\t\t<h3 class=\"elementor-heading-title elementor-size-default\">Diumenge 6 d\u2019agost:\n<\/h3>\t\t\t\t<\/div>\n\t\t\t\t<div class=\"elementor-element elementor-element-94e6c88 elementor-widget elementor-widget-text-editor\" data-id=\"94e6c88\" data-element_type=\"widget\" data-e-type=\"widget\" data-widget_type=\"text-editor.default\">\n\t\t\t\t\t\t\t\t\t<ul><li>21.30 h (Pla\u00e7a de les Comunitats Aut\u00f2nomes): <strong>Salou Festival Orchestra<\/strong> \u201cUn vestiu de pel\u00b7l\u00edcula\u201d Melani Mestre, directora. <\/li><\/ul>\t\t\t\t\t\t\t\t<\/div>\n\t\t\t\t<div class=\"elementor-element elementor-element-168db33 elementor-widget elementor-widget-heading\" data-id=\"168db33\" data-element_type=\"widget\" data-e-type=\"widget\" data-widget_type=\"heading.default\">\n\t\t\t\t\t<h3 class=\"elementor-heading-title elementor-size-default\">Dilluns 7 d\u2019agost:\n<\/h3>\t\t\t\t<\/div>\n\t\t\t\t<div class=\"elementor-element elementor-element-6782992 elementor-widget elementor-widget-text-editor\" data-id=\"6782992\" data-element_type=\"widget\" data-e-type=\"widget\" data-widget_type=\"text-editor.default\">\n\t\t\t\t\t\t\t\t\t<ul><li>20.30 h (Patronat de Turisme): <strong>Acte Inaugural de les Nits Daurades <\/strong>\u2013 Preg\u00f3, a c\u00e0rrec del Sr. Santiago J. Castell\u00e1 Surribas subdelegat del Govern a Tarragona. <\/li><li>Seguidament <strong>Gran Tronada d\u2019inici de festes<\/strong>.<\/li><li>22:00 h (Pla\u00e7a de les Comunitats Aut\u00f2nomes): <strong>Espectacle de m\u00e0gia <\/strong>amb Harry Merlin i Piper&amp;Friends.<\/li><\/ul>\t\t\t\t\t\t\t\t<\/div>\n\t\t\t\t<div class=\"elementor-element elementor-element-56274dc elementor-widget elementor-widget-heading\" data-id=\"56274dc\" data-element_type=\"widget\" data-e-type=\"widget\" data-widget_type=\"heading.default\">\n\t\t\t\t\t<h3 class=\"elementor-heading-title elementor-size-default\">Dimarts 8 d\u2019agost:\n<\/h3>\t\t\t\t<\/div>\n\t\t\t\t<div class=\"elementor-element elementor-element-35af277 elementor-widget elementor-widget-text-editor\" data-id=\"35af277\" data-element_type=\"widget\" data-e-type=\"widget\" data-widget_type=\"text-editor.default\">\n\t\t\t\t\t\t\t\t\t<ul><li>22.00 h (Pla\u00e7a de les Comunitats Aut\u00f2nomes): <strong>Trobada d\u2019havaneres<\/strong>, amb els grups Sons de Mar i Veus de Reus.<\/li><\/ul>\t\t\t\t\t\t\t\t<\/div>\n\t\t\t\t<div class=\"elementor-element elementor-element-6487cb1 elementor-widget elementor-widget-heading\" data-id=\"6487cb1\" data-element_type=\"widget\" data-e-type=\"widget\" data-widget_type=\"heading.default\">\n\t\t\t\t\t<h3 class=\"elementor-heading-title elementor-size-default\">Dimecres 9 d\u2019agost:\n<\/h3>\t\t\t\t<\/div>\n\t\t\t\t<div class=\"elementor-element elementor-element-c10f596 elementor-widget elementor-widget-text-editor\" data-id=\"c10f596\" data-element_type=\"widget\" data-e-type=\"widget\" data-widget_type=\"text-editor.default\">\n\t\t\t\t\t\t\t\t\t<ul><li>19.00 h (Cercavila) amb clowns acr\u00f2bates.<\/li><li>20:00 h (Club N\u00e0utic, Espig\u00f3 del Moll): <strong>Espectacle d\u2019animaci\u00f3 familiar \u201cLa Festa\u201d<\/strong> a ca\u00e0rrec de la Companyia Believe Teatro.<\/li><li>21:00 h (Plaz\u00e7 de las Comunidades Aut\u00f3nomas): <strong>Actuaci\u00f3 de grups locals,<\/strong> amb la participaci\u00f3 de Agust\u00edn Aspa i el seu grup Habana i Marcos san Jos\u00e9.<\/li><\/ul>\t\t\t\t\t\t\t\t<\/div>\n\t\t\t\t<div class=\"elementor-element elementor-element-74e2068 elementor-widget elementor-widget-heading\" data-id=\"74e2068\" data-element_type=\"widget\" data-e-type=\"widget\" data-widget_type=\"heading.default\">\n\t\t\t\t\t<h3 class=\"elementor-heading-title elementor-size-default\">Dijous 10 d\u2019agost:\n<\/h3>\t\t\t\t<\/div>\n\t\t\t\t<div class=\"elementor-element elementor-element-36d826b elementor-widget elementor-widget-text-editor\" data-id=\"36d826b\" data-element_type=\"widget\" data-e-type=\"widget\" data-widget_type=\"text-editor.default\">\n\t\t\t\t\t\t\t\t\t<ul><li>A partir de les 21.00 h (Pla\u00e7a de les Comunitats Aut\u00f2nomes): Nit de rock &amp; roll amb les actuacions de Superat\u00f3mica, Cocktail Trivutov i L.A. Vamps \u201cA live Rock Experience\u201d.<\/li><\/ul>\t\t\t\t\t\t\t\t<\/div>\n\t\t\t\t<div class=\"elementor-element elementor-element-ab6907d elementor-widget elementor-widget-heading\" data-id=\"ab6907d\" data-element_type=\"widget\" data-e-type=\"widget\" data-widget_type=\"heading.default\">\n\t\t\t\t\t<h3 class=\"elementor-heading-title elementor-size-default\">Divendres 11 d\u2019agost:\n<\/h3>\t\t\t\t<\/div>\n\t\t\t\t<div class=\"elementor-element elementor-element-82cf1c6 elementor-widget elementor-widget-text-editor\" data-id=\"82cf1c6\" data-element_type=\"widget\" data-e-type=\"widget\" data-widget_type=\"text-editor.default\">\n\t\t\t\t\t\t\t\t\t<ul><li>22.00 h (Pla\u00e7a de les Comunitats Aut\u00f2nomes): <strong>Hola Raffaella, tribut a Raffaella Carr\u00e1.<\/strong> <\/li><\/ul>\t\t\t\t\t\t\t\t<\/div>\n\t\t\t\t<div class=\"elementor-element elementor-element-a5adb86 elementor-widget elementor-widget-heading\" data-id=\"a5adb86\" data-element_type=\"widget\" data-e-type=\"widget\" data-widget_type=\"heading.default\">\n\t\t\t\t\t<h3 class=\"elementor-heading-title elementor-size-default\">Dissabte 12 d\u2019agost:<\/h3>\t\t\t\t<\/div>\n\t\t\t\t<div class=\"elementor-element elementor-element-8f64a53 elementor-widget elementor-widget-text-editor\" data-id=\"8f64a53\" data-element_type=\"widget\" data-e-type=\"widget\" data-widget_type=\"text-editor.default\">\n\t\t\t\t\t\t\t\t\t<ul><li>20.00 h (Passeig Jaume I- Font dels Caragols): <strong>Ballada de sardanes<\/strong> amb la Cobla de Reus Jove i la Agrupaci\u00f3 Sardanista Tarragona Dansa.<\/li><li>21:30 h (Passeig Jaume I): <strong>Nit del Foc<\/strong>, Correfoc amb el grup Diables Male\u00efts, Bruixes Latem\u00f3, el Xaloc. la Morena de Salou i altres grups convidats. <\/li><li>23:00h (Pla\u00e7a de les Comunitats Aut\u00f2nomes): Espectacle de flamenc a c\u00e0rrec de la Companyia de M\u00f3nica Novillo.<\/li><\/ul>\t\t\t\t\t\t\t\t<\/div>\n\t\t\t\t\t<\/div>\n\t\t\t\t<\/div>\n\t\t<div class=\"elementor-element elementor-element-3d8930d e-flex e-con-boxed e-con e-parent\" data-id=\"3d8930d\" data-element_type=\"container\" data-e-type=\"container\">\n\t\t\t\t\t<div class=\"e-con-inner\">\n\t\t\t\t<div class=\"elementor-element elementor-element-e867c36 elementor-widget elementor-widget-heading\" data-id=\"e867c36\" data-element_type=\"widget\" data-e-type=\"widget\" data-widget_type=\"heading.default\">\n\t\t\t\t\t<h3 class=\"elementor-heading-title elementor-size-default\">Diumenge 13 d\u2019agost:\n<\/h3>\t\t\t\t<\/div>\n\t\t\t\t<div class=\"elementor-element elementor-element-bed4727 elementor-widget elementor-widget-text-editor\" data-id=\"bed4727\" data-element_type=\"widget\" data-e-type=\"widget\" data-widget_type=\"text-editor.default\">\n\t\t\t\t\t\t\t\t\t<ul><li>20.00 h (Font Lluminosa): <strong>Seguici de convidats<\/strong>, 20\u00e8 Aniversari Ball de Bastons de Salou, organitza l\u2019Asociaci\u00f3 Sal-i-Ou amb la participaci\u00f3n de diferents colles convidades.<\/li><li>20:00 h (Pla\u00e7a de les Comunitats Aut\u00f2nomes): <strong>El talent musical de Salou en concert<\/strong>. Amb la participaci\u00f3 de Saik Promice, Aiem, Rosendo i altres artistes de Salou.<\/li><li>22:30 h (Pla\u00e7a de les Comunitats Aut\u00f2nomes): <strong>\u00a1Ochentazo! Festa dels 80.<\/strong><\/li><\/ul>\t\t\t\t\t\t\t\t<\/div>\n\t\t\t\t<div class=\"elementor-element elementor-element-7d76889 elementor-widget elementor-widget-heading\" data-id=\"7d76889\" data-element_type=\"widget\" data-e-type=\"widget\" data-widget_type=\"heading.default\">\n\t\t\t\t\t<h3 class=\"elementor-heading-title elementor-size-default\">Dilluns 14 d\u2019agost:\n<\/h3>\t\t\t\t<\/div>\n\t\t\t\t<div class=\"elementor-element elementor-element-bd80eba elementor-widget elementor-widget-text-editor\" data-id=\"bd80eba\" data-element_type=\"widget\" data-e-type=\"widget\" data-widget_type=\"text-editor.default\">\n\t\t\t\t\t\t\t\t\t<ul><li>20.00 h (Pla\u00e7a de les Comunitats Aut\u00f2nomes): <strong>Cercavila popular <\/strong>amb la participaci\u00f3 dels grups festius del municipi. Recorregut: De la Pla\u00e7a de les Comunitats Aut\u00f2nomes a l\u2019Espig\u00f3 del Moll. <\/li><li>22:00 h (Pla\u00e7a de les Comunitats Aut\u00f2nomes): <strong>Gran Circ Acrob\u00e0tic de la Xina<\/strong>.<\/li><\/ul>\t\t\t\t\t\t\t\t<\/div>\n\t\t\t\t<div class=\"elementor-element elementor-element-fafc006 elementor-widget elementor-widget-heading\" data-id=\"fafc006\" data-element_type=\"widget\" data-e-type=\"widget\" data-widget_type=\"heading.default\">\n\t\t\t\t\t<h3 class=\"elementor-heading-title elementor-size-default\">Dimarts 15 d\u2019agost:\n<\/h3>\t\t\t\t<\/div>\n\t\t\t\t<div class=\"elementor-element elementor-element-f1036e6 elementor-widget elementor-widget-text-editor\" data-id=\"f1036e6\" data-element_type=\"widget\" data-e-type=\"widget\" data-widget_type=\"text-editor.default\">\n\t\t\t\t\t\t\t\t\t<ul><li>20.00 h (Esgl\u00e9sia Santa Maria del Mar): Missa solemne en honor a Santa Mar\u00eda del Mar.<\/li><li>21.00 h (Esgl\u00e9sia Santa Maria del Mar): <strong>Process\u00f3 de la Mare de D\u00e9u<\/strong>. Sortida de l\u2019Esgl\u00e9sia de Sta. Mar\u00eda del Mar, Passeig Miramar fins a l\u2019Espig\u00f3 del Moll on s\u2019iniciar\u00e0 la process\u00f3 mar\u00edtima i continuar\u00e1 pel Passeig Jaume I. <strong>  <\/strong><\/li><li>23.00 h (Passeig Jaume I):<strong> Gran castell de focs artificials.<\/strong><\/li><li>A continuaci\u00f3 a la Pla\u00e7a de les Comunitats Aut\u00f2nomes<strong> actuaci\u00f3 de l\u2019orquestra La Privada.<\/strong> <\/li><\/ul>\t\t\t\t\t\t\t\t<\/div>\n\t\t\t\t<div class=\"elementor-element elementor-element-2a11704 elementor-widget elementor-widget-heading\" data-id=\"2a11704\" data-element_type=\"widget\" data-e-type=\"widget\" data-widget_type=\"heading.default\">\n\t\t\t\t\t<h3 class=\"elementor-heading-title elementor-size-default\">Dimecres 16 d\u2019agost:\n<\/h3>\t\t\t\t<\/div>\n\t\t\t\t<div class=\"elementor-element elementor-element-6595146 elementor-widget elementor-widget-text-editor\" data-id=\"6595146\" data-element_type=\"widget\" data-e-type=\"widget\" data-widget_type=\"text-editor.default\">\n\t\t\t\t\t\t\t\t\t<ul><li>22.00 h (Passeig Jaume I- Pla\u00e7a de les Comunitats Aut\u00f2nomes): <strong>Concert<\/strong>s amb la participaci\u00f3 de \u00c1lvaro de Luna, \u00c1lvaro Soler, Zzoilo, Marlon, Paula Cendejas, Mark Eme, Mar Lucas, Charlie USG, DePol, Adexe &amp; Nau. <strong>Dj Se<\/strong>t: Jose M. Duro, Rams\u00e9s L\u00f3pez.<\/li><\/ul>\t\t\t\t\t\t\t\t<\/div>\n\t\t\t\t<div class=\"elementor-element elementor-element-8991665 elementor-widget elementor-widget-heading\" data-id=\"8991665\" data-element_type=\"widget\" data-e-type=\"widget\" data-widget_type=\"heading.default\">\n\t\t\t\t\t<h3 class=\"elementor-heading-title elementor-size-default\">BONA FESTA MAJOR!\n<\/h3>\t\t\t\t<\/div>\n\t\t\t\t\t<\/div>\n\t\t\t\t<\/div>\n\t\t\t\t<\/div>\n\t\t","protected":false},"excerpt":{"rendered":"<p>Del 5 al 16 d\u2019agost gaudeix de les Nits Daurades a Salou! Vine a Salou amb la fam\u00edlia, amics o amb qui tu vulguis i y gaudeix de les diferents activitats i concerts organitzades per a les festes d\u2019estiu. A continuaci\u00f3 et deixem el programa d\u2019actes, perqu\u00e8 hi facis un cop d\u2019ull. Prepara les maletes &#8230;<\/p>\n","protected":false},"author":1,"featured_media":0,"comment_status":"closed","ping_status":"closed","sticky":false,"template":"","format":"standard","meta":{"loftocean_post_format_gallery":"","loftocean_post_format_gallery_ids":"","loftocean_post_format_gallery_urls":"","loftocean_post_format_video_id":0,"loftocean_post_format_video_url":"","loftocean_post_format_video_type":"","loftocean_post_format_video":"","loftocean_post_format_audio_type":"","loftocean_post_format_audio_url":"","loftocean_post_format_audio_id":0,"loftocean_post_format_audio":"","loftocean-like-count":0,"cozystay_single_post_hide_site_header":"","cozystay_single_post_site_header_source":"","cozystay_single_post_custom_site_header":"0","cozystay_single_post_custom_sticky_site_header":"0","cozystay_single_post_hide_page_title":"","cozystay_single_post_site_footer_hide_main":"","cozystay_single_custom_site_footer_main_source":"","cozystay_single_custom_site_footer_main":"0","cozystay_single_post_site_footer_hide_above":"","cozystay_single_custom_site_footer_above_source":"","cozystay_single_custom_site_footer_above":"0","cozystay_single_post_site_footer_hide_instagram":"","cozystay_single_post_site_footer_hide_bottom":"","cozystay_single_custom_mobile_menu_source":"","cozystay_single_custom_mobile_menu":"0","cozystay_single_custom_mobile_menu_animation":"","cozystay_single_custom_mobile_menu_width":"","cozystay_single_custom_mobile_menu_custom_width":375,"cozystay_single_post_template":"","footnotes":""},"categories":[26,324],"tags":[410,486,433],"class_list":{"0":"post-22228","1":"post","2":"type-post","3":"status-publish","4":"format-standard","5":"hentry","6":"category-cambrils-salou","8":"tag-activitats-salou","9":"tag-costa-daurada-2","10":"tag-que-fer-a-la-costa-daurada"},"yoast_head":"<!-- This site is optimized with the Yoast SEO plugin v27.4 - https:\/\/yoast.com\/product\/yoast-seo-wordpress\/ -->\n<title>Nits Daurades Salou 2023 | Augustus Hotels<\/title>\n<meta name=\"description\" content=\"Vine a viure les Nits Daurades Salou des de Augustus Hotels, a Cambrils. Descobreix el programa i gaudeix d&#039;all\u00f2 m\u00e9s interessant\" \/>\n<meta name=\"robots\" content=\"index, follow, max-snippet:-1, max-image-preview:large, max-video-preview:-1\" \/>\n<link rel=\"canonical\" href=\"https:\/\/augustushotels.es\/ca\/nits-daurades-salou\/\" \/>\n<script type=\"application\/ld+json\" class=\"yoast-schema-graph\">{\"@context\":\"https:\\\/\\\/schema.org\",\"@graph\":[{\"@type\":\"Article\",\"@id\":\"https:\\\/\\\/augustushotels.es\\\/ca\\\/nits-daurades-salou\\\/#article\",\"isPartOf\":{\"@id\":\"https:\\\/\\\/augustushotels.es\\\/ca\\\/nits-daurades-salou\\\/\"},\"author\":{\"name\":\"alojapro_dev\",\"@id\":\"https:\\\/\\\/augustushotels.es\\\/ca\\\/#\\\/schema\\\/person\\\/918735b603070b9f9f5fb0b7c4a363d6\"},\"headline\":\"Nits Daurades Salou 2023\",\"datePublished\":\"2023-07-31T12:31:50+00:00\",\"dateModified\":\"2026-03-30T15:35:22+00:00\",\"mainEntityOfPage\":{\"@id\":\"https:\\\/\\\/augustushotels.es\\\/ca\\\/nits-daurades-salou\\\/\"},\"wordCount\":634,\"publisher\":{\"@id\":\"https:\\\/\\\/augustushotels.es\\\/ca\\\/#organization\"},\"keywords\":[\"activitats Salou\",\"Costa Daurada\",\"Qu\u00e8 fer a la Costa Daurada?\"],\"articleSection\":[\"Cambrils \\\/ Salou\",\"Cambrils \\\/ Salou\"],\"inLanguage\":\"ca\"},{\"@type\":\"WebPage\",\"@id\":\"https:\\\/\\\/augustushotels.es\\\/ca\\\/nits-daurades-salou\\\/\",\"url\":\"https:\\\/\\\/augustushotels.es\\\/ca\\\/nits-daurades-salou\\\/\",\"name\":\"Nits Daurades Salou 2023 | Augustus Hotels\",\"isPartOf\":{\"@id\":\"https:\\\/\\\/augustushotels.es\\\/ca\\\/#website\"},\"datePublished\":\"2023-07-31T12:31:50+00:00\",\"dateModified\":\"2026-03-30T15:35:22+00:00\",\"description\":\"Vine a viure les Nits Daurades Salou des de Augustus Hotels, a Cambrils. Descobreix el programa i gaudeix d'all\u00f2 m\u00e9s interessant\",\"breadcrumb\":{\"@id\":\"https:\\\/\\\/augustushotels.es\\\/ca\\\/nits-daurades-salou\\\/#breadcrumb\"},\"inLanguage\":\"ca\",\"potentialAction\":[{\"@type\":\"ReadAction\",\"target\":[\"https:\\\/\\\/augustushotels.es\\\/ca\\\/nits-daurades-salou\\\/\"]}]},{\"@type\":\"BreadcrumbList\",\"@id\":\"https:\\\/\\\/augustushotels.es\\\/ca\\\/nits-daurades-salou\\\/#breadcrumb\",\"itemListElement\":[{\"@type\":\"ListItem\",\"position\":1,\"name\":\"Portada\",\"item\":\"https:\\\/\\\/augustushotels.es\\\/ca\\\/\"},{\"@type\":\"ListItem\",\"position\":2,\"name\":\"Nits Daurades Salou 2023\"}]},{\"@type\":\"WebSite\",\"@id\":\"https:\\\/\\\/augustushotels.es\\\/ca\\\/#website\",\"url\":\"https:\\\/\\\/augustushotels.es\\\/ca\\\/\",\"name\":\"Augustus Hotels\",\"description\":\"Hoteles en Cambrils en primera l\u00ednea de playa.\",\"publisher\":{\"@id\":\"https:\\\/\\\/augustushotels.es\\\/ca\\\/#organization\"},\"potentialAction\":[{\"@type\":\"SearchAction\",\"target\":{\"@type\":\"EntryPoint\",\"urlTemplate\":\"https:\\\/\\\/augustushotels.es\\\/ca\\\/?s={search_term_string}\"},\"query-input\":{\"@type\":\"PropertyValueSpecification\",\"valueRequired\":true,\"valueName\":\"search_term_string\"}}],\"inLanguage\":\"ca\"},{\"@type\":\"Organization\",\"@id\":\"https:\\\/\\\/augustushotels.es\\\/ca\\\/#organization\",\"name\":\"Augustus Hotels\",\"url\":\"https:\\\/\\\/augustushotels.es\\\/ca\\\/\",\"logo\":{\"@type\":\"ImageObject\",\"inLanguage\":\"ca\",\"@id\":\"https:\\\/\\\/augustushotels.es\\\/ca\\\/#\\\/schema\\\/logo\\\/image\\\/\",\"url\":\"https:\\\/\\\/augustushotels.es\\\/wp-content\\\/uploads\\\/2024\\\/04\\\/cropped-A2-Hoteles.png\",\"contentUrl\":\"https:\\\/\\\/augustushotels.es\\\/wp-content\\\/uploads\\\/2024\\\/04\\\/cropped-A2-Hoteles.png\",\"width\":442,\"height\":225,\"caption\":\"Augustus Hotels\"},\"image\":{\"@id\":\"https:\\\/\\\/augustushotels.es\\\/ca\\\/#\\\/schema\\\/logo\\\/image\\\/\"}},{\"@type\":\"Person\",\"@id\":\"https:\\\/\\\/augustushotels.es\\\/ca\\\/#\\\/schema\\\/person\\\/918735b603070b9f9f5fb0b7c4a363d6\",\"name\":\"alojapro_dev\",\"image\":{\"@type\":\"ImageObject\",\"inLanguage\":\"ca\",\"@id\":\"https:\\\/\\\/secure.gravatar.com\\\/avatar\\\/d85a368a0264070f0a07504f04fe3de78e2fedb7d0b7a9e875b30b569151e37e?s=96&d=color&r=g\",\"url\":\"https:\\\/\\\/secure.gravatar.com\\\/avatar\\\/d85a368a0264070f0a07504f04fe3de78e2fedb7d0b7a9e875b30b569151e37e?s=96&d=color&r=g\",\"contentUrl\":\"https:\\\/\\\/secure.gravatar.com\\\/avatar\\\/d85a368a0264070f0a07504f04fe3de78e2fedb7d0b7a9e875b30b569151e37e?s=96&d=color&r=g\",\"caption\":\"alojapro_dev\"},\"sameAs\":[\"https:\\\/\\\/augustushotels.es\"]}]}<\/script>\n<!-- \/ Yoast SEO plugin. -->","yoast_head_json":{"title":"Nits Daurades Salou 2023 | Augustus Hotels","description":"Vine a viure les Nits Daurades Salou des de Augustus Hotels, a Cambrils. Descobreix el programa i gaudeix d'all\u00f2 m\u00e9s interessant","robots":{"index":"index","follow":"follow","max-snippet":"max-snippet:-1","max-image-preview":"max-image-preview:large","max-video-preview":"max-video-preview:-1"},"canonical":"https:\/\/augustushotels.es\/ca\/nits-daurades-salou\/","schema":{"@context":"https:\/\/schema.org","@graph":[{"@type":"Article","@id":"https:\/\/augustushotels.es\/ca\/nits-daurades-salou\/#article","isPartOf":{"@id":"https:\/\/augustushotels.es\/ca\/nits-daurades-salou\/"},"author":{"name":"alojapro_dev","@id":"https:\/\/augustushotels.es\/ca\/#\/schema\/person\/918735b603070b9f9f5fb0b7c4a363d6"},"headline":"Nits Daurades Salou 2023","datePublished":"2023-07-31T12:31:50+00:00","dateModified":"2026-03-30T15:35:22+00:00","mainEntityOfPage":{"@id":"https:\/\/augustushotels.es\/ca\/nits-daurades-salou\/"},"wordCount":634,"publisher":{"@id":"https:\/\/augustushotels.es\/ca\/#organization"},"keywords":["activitats Salou","Costa Daurada","Qu\u00e8 fer a la Costa Daurada?"],"articleSection":["Cambrils \/ Salou","Cambrils \/ Salou"],"inLanguage":"ca"},{"@type":"WebPage","@id":"https:\/\/augustushotels.es\/ca\/nits-daurades-salou\/","url":"https:\/\/augustushotels.es\/ca\/nits-daurades-salou\/","name":"Nits Daurades Salou 2023 | Augustus Hotels","isPartOf":{"@id":"https:\/\/augustushotels.es\/ca\/#website"},"datePublished":"2023-07-31T12:31:50+00:00","dateModified":"2026-03-30T15:35:22+00:00","description":"Vine a viure les Nits Daurades Salou des de Augustus Hotels, a Cambrils. Descobreix el programa i gaudeix d'all\u00f2 m\u00e9s interessant","breadcrumb":{"@id":"https:\/\/augustushotels.es\/ca\/nits-daurades-salou\/#breadcrumb"},"inLanguage":"ca","potentialAction":[{"@type":"ReadAction","target":["https:\/\/augustushotels.es\/ca\/nits-daurades-salou\/"]}]},{"@type":"BreadcrumbList","@id":"https:\/\/augustushotels.es\/ca\/nits-daurades-salou\/#breadcrumb","itemListElement":[{"@type":"ListItem","position":1,"name":"Portada","item":"https:\/\/augustushotels.es\/ca\/"},{"@type":"ListItem","position":2,"name":"Nits Daurades Salou 2023"}]},{"@type":"WebSite","@id":"https:\/\/augustushotels.es\/ca\/#website","url":"https:\/\/augustushotels.es\/ca\/","name":"Augustus Hotels","description":"Hoteles en Cambrils en primera l\u00ednea de playa.","publisher":{"@id":"https:\/\/augustushotels.es\/ca\/#organization"},"potentialAction":[{"@type":"SearchAction","target":{"@type":"EntryPoint","urlTemplate":"https:\/\/augustushotels.es\/ca\/?s={search_term_string}"},"query-input":{"@type":"PropertyValueSpecification","valueRequired":true,"valueName":"search_term_string"}}],"inLanguage":"ca"},{"@type":"Organization","@id":"https:\/\/augustushotels.es\/ca\/#organization","name":"Augustus Hotels","url":"https:\/\/augustushotels.es\/ca\/","logo":{"@type":"ImageObject","inLanguage":"ca","@id":"https:\/\/augustushotels.es\/ca\/#\/schema\/logo\/image\/","url":"https:\/\/augustushotels.es\/wp-content\/uploads\/2024\/04\/cropped-A2-Hoteles.png","contentUrl":"https:\/\/augustushotels.es\/wp-content\/uploads\/2024\/04\/cropped-A2-Hoteles.png","width":442,"height":225,"caption":"Augustus Hotels"},"image":{"@id":"https:\/\/augustushotels.es\/ca\/#\/schema\/logo\/image\/"}},{"@type":"Person","@id":"https:\/\/augustushotels.es\/ca\/#\/schema\/person\/918735b603070b9f9f5fb0b7c4a363d6","name":"alojapro_dev","image":{"@type":"ImageObject","inLanguage":"ca","@id":"https:\/\/secure.gravatar.com\/avatar\/d85a368a0264070f0a07504f04fe3de78e2fedb7d0b7a9e875b30b569151e37e?s=96&d=color&r=g","url":"https:\/\/secure.gravatar.com\/avatar\/d85a368a0264070f0a07504f04fe3de78e2fedb7d0b7a9e875b30b569151e37e?s=96&d=color&r=g","contentUrl":"https:\/\/secure.gravatar.com\/avatar\/d85a368a0264070f0a07504f04fe3de78e2fedb7d0b7a9e875b30b569151e37e?s=96&d=color&r=g","caption":"alojapro_dev"},"sameAs":["https:\/\/augustushotels.es"]}]}},"loftoceanMetas":{"authorName":"alojapro_dev","categories":[{"name":"Cambrils \/ Salou","link":"https:\/\/augustushotels.es\/category\/cambrils-salou\/","count":11},{"name":"Cambrils \/ Salou","link":"https:\/\/augustushotels.es\/ca\/category\/cambrils-salou\/","count":9}],"date":"31 de juliol de 2023"},"_links":{"self":[{"href":"https:\/\/augustushotels.es\/ca\/wp-json\/wp\/v2\/posts\/22228","targetHints":{"allow":["GET"]}}],"collection":[{"href":"https:\/\/augustushotels.es\/ca\/wp-json\/wp\/v2\/posts"}],"about":[{"href":"https:\/\/augustushotels.es\/ca\/wp-json\/wp\/v2\/types\/post"}],"author":[{"embeddable":true,"href":"https:\/\/augustushotels.es\/ca\/wp-json\/wp\/v2\/users\/1"}],"replies":[{"embeddable":true,"href":"https:\/\/augustushotels.es\/ca\/wp-json\/wp\/v2\/comments?post=22228"}],"version-history":[{"count":0,"href":"https:\/\/augustushotels.es\/ca\/wp-json\/wp\/v2\/posts\/22228\/revisions"}],"wp:attachment":[{"href":"https:\/\/augustushotels.es\/ca\/wp-json\/wp\/v2\/media?parent=22228"}],"wp:term":[{"taxonomy":"category","embeddable":true,"href":"https:\/\/augustushotels.es\/ca\/wp-json\/wp\/v2\/categories?post=22228"},{"taxonomy":"post_tag","embeddable":true,"href":"https:\/\/augustushotels.es\/ca\/wp-json\/wp\/v2\/tags?post=22228"}],"curies":[{"name":"wp","href":"https:\/\/api.w.org\/{rel}","templated":true}]}}